{"id":4105,"date":"2026-03-12T11:59:42","date_gmt":"2026-03-12T11:59:42","guid":{"rendered":"https:\/\/itervitis.eu\/?p=4105"},"modified":"2026-03-12T11:59:50","modified_gmt":"2026-03-12T11:59:50","slug":"iter-vitis-participates-in-the-enogastrodest-workshop-on-wine-heritage-in-pecs-hungary-march-10-12","status":"publish","type":"post","link":"https:\/\/itervitis.eu\/fr\/iter-vitis-participates-in-the-enogastrodest-workshop-on-wine-heritage-in-pecs-hungary-march-10-12\/","title":{"rendered":"Iter Vitis participates in the EnoGastroDEST Workshop on Wine Heritage in P\u00e9cs Hungary, March 10-12"},"content":{"rendered":"\n<p>From <strong>10 to 12 March 2026<\/strong>, the city of <strong>P\u00e9cs, Hungary<\/strong>, hosts the thematic workshop <strong>\u201cEno Heritage Preservation and Promotion for Wine Tourism\u201d<\/strong>, organised by the <strong>Chamber of Commerce and Industry of P\u00e9cs-Baranya (CCIPB)<\/strong> within the framework of the <strong>Interreg Europe project EnoGastroDEST<\/strong>. <\/p>\n\n\n\n<figure class=\"wp-block-image size-large\"><img decoding=\"async\" width=\"1024\" height=\"768\" data-src=\"https:\/\/itervitis.eu\/wp-content\/uploads\/2026\/03\/f7571aa0-b09d-46f2-b5ad-ed77cc6dafc5-1024x768.jpeg\" alt=\"\" class=\"wp-image-4106 lazyload\" data-srcset=\"https:\/\/itervitis.eu\/wp-content\/uploads\/2026\/03\/f7571aa0-b09d-46f2-b5ad-ed77cc6dafc5-1024x768.jpeg 1024w, https:\/\/itervitis.eu\/wp-content\/uploads\/2026\/03\/f7571aa0-b09d-46f2-b5ad-ed77cc6dafc5-300x225.jpeg 300w, https:\/\/itervitis.eu\/wp-content\/uploads\/2026\/03\/f7571aa0-b09d-46f2-b5ad-ed77cc6dafc5-768x576.jpeg 768w, https:\/\/itervitis.eu\/wp-content\/uploads\/2026\/03\/f7571aa0-b09d-46f2-b5ad-ed77cc6dafc5-1536x1152.jpeg 1536w, https:\/\/itervitis.eu\/wp-content\/uploads\/2026\/03\/f7571aa0-b09d-46f2-b5ad-ed77cc6dafc5.jpeg 1600w\" data-sizes=\"(max-width: 1024px) 100vw, 1024px\" src=\"data:image\/svg+xml;base64,PHN2ZyB3aWR0aD0iMSIgaGVpZ2h0PSIxIiB4bWxucz0iaHR0cDovL3d3dy53My5vcmcvMjAwMC9zdmciPjwvc3ZnPg==\" style=\"--smush-placeholder-width: 1024px; --smush-placeholder-aspect-ratio: 1024\/768;\" \/><\/figure>\n\n\n\n<p>The event brings together policymakers, tourism professionals, wine sector representatives, and cultural tourism experts from across Europe to exchange experiences on how <strong>wine and culinary heritage can support the development of experiential and sustainable tourism<\/strong>. <\/p>\n\n\n\n<p>The workshop takes place in the <strong>Pannon Wine Region<\/strong>, one of Hungary\u2019s historic wine areas that includes the wine districts of <strong>P\u00e9cs, Szeksz\u00e1rd, Tolna and Vill\u00e1ny<\/strong>. This region is also known for establishing <strong>Hungary\u2019s first wine route in Vill\u00e1ny in 1994<\/strong>, a pioneering initiative that demonstrated how cooperation between wineries and tourism actors can strengthen regional tourism development.<\/p>\n\n\n\n<p>During the conference sessions, partners present <strong>good practices in wine tourism and heritage preservation<\/strong> from different European regions. Among the key contributions is the presentation by <strong>Emanuela Panke, President of Iter Vitis \u2013 Les Chemins de la Vigne en Europe<\/strong>, highlighting the importance of safeguarding viticultural landscapes, traditional knowledge, and living wine culture across Europe.<\/p>\n\n\n\n<p>The programme also includes <strong>networking events, a steering group meeting of project partners, cultural visits in P\u00e9cs, and study visits to the Research Institute for Viticulture and Oenology of the University of P\u00e9cs<\/strong>, where participants explore innovative research on grape varieties, climate adaptation, and the preservation of indigenous vines. <\/p>\n\n\n\n<p>The <strong>EnoGastroDEST project<\/strong> aims to strengthen the role of <strong>wine and gastronomy heritage in sustainable cultural tourism<\/strong>, supporting destinations in developing authentic visitor experiences while protecting their cultural landscapes and traditions. <\/p>\n\n\n\n<p>For <strong>Iter Vitis<\/strong>, participation in this workshop represents another opportunity to contribute to European dialogue on <strong>wine heritage preservation, sustainable tourism development, and the promotion of vineyards as living cultural landscapes<\/strong>.<\/p>\n","protected":false},"excerpt":{"rendered":"<p>From 10 to 12 March 2026, the city of P\u00e9cs, Hungary, hosts the thematic workshop \u201cEno Heritage Preservation and Promotion for Wine Tourism\u201d, organised by the Chamber of Commerce and Industry of P\u00e9cs-Baranya (CCIPB) within the framework of the Interreg Europe project EnoGastroDEST. The event brings together policymakers, tourism professionals, wine sector representatives, and cultural [&hellip;]<\/p>\n","protected":false},"author":5,"featured_media":0,"comment_status":"closed","ping_status":"closed","sticky":false,"template":"","format":"standard","meta":{"inline_featured_image":false,"_genesis_hide_title":false,"_genesis_hide_breadcrumbs":false,"_genesis_hide_singular_image":false,"_genesis_hide_footer_widgets":false,"_genesis_custom_body_class":"","_genesis_custom_post_class":"","_genesis_layout":"","footnotes":""},"categories":[1],"tags":[],"class_list":{"0":"post-4105","1":"post","2":"type-post","3":"status-publish","4":"format-standard","6":"category-news-and-events","7":"entry","8":"has-post-thumbnail"},"yoast_head":"<!-- This site is optimized with the Yoast SEO plugin v27.4 - https:\/\/yoast.com\/product\/yoast-seo-wordpress\/ -->\n<title>Iter Vitis participates in the EnoGastroDEST Workshop on Wine Heritage in P\u00e9cs Hungary, March 10-12 - Itervitis<\/title>\n<meta name=\"robots\" content=\"index, follow, max-snippet:-1, max-image-preview:large, max-video-preview:-1\" \/>\n<link rel=\"canonical\" href=\"https:\/\/itervitis.eu\/fr\/iter-vitis-participates-in-the-enogastrodest-workshop-on-wine-heritage-in-pecs-hungary-march-10-12\/\" \/>\n<meta property=\"og:locale\" content=\"fr_FR\" \/>\n<meta property=\"og:type\" content=\"article\" \/>\n<meta property=\"og:title\" content=\"Iter Vitis participates in the EnoGastroDEST Workshop on Wine Heritage in P\u00e9cs Hungary, March 10-12 - Itervitis\" \/>\n<meta property=\"og:description\" content=\"From 10 to 12 March 2026, the city of P\u00e9cs, Hungary, hosts the thematic workshop \u201cEno Heritage Preservation and Promotion for Wine Tourism\u201d, organised by the Chamber of Commerce and Industry of P\u00e9cs-Baranya (CCIPB) within the framework of the Interreg Europe project EnoGastroDEST. The event brings together policymakers, tourism professionals, wine sector representatives, and cultural [&hellip;]\" \/>\n<meta property=\"og:url\" content=\"https:\/\/itervitis.eu\/fr\/iter-vitis-participates-in-the-enogastrodest-workshop-on-wine-heritage-in-pecs-hungary-march-10-12\/\" \/>\n<meta property=\"og:site_name\" content=\"Itervitis\" \/>\n<meta property=\"article:published_time\" content=\"2026-03-12T11:59:42+00:00\" \/>\n<meta property=\"article:modified_time\" content=\"2026-03-12T11:59:50+00:00\" \/>\n<meta property=\"og:image\" content=\"https:\/\/itervitis.eu\/wp-content\/uploads\/2026\/03\/f7571aa0-b09d-46f2-b5ad-ed77cc6dafc5.jpeg\" \/>\n\t<meta property=\"og:image:width\" content=\"1600\" \/>\n\t<meta property=\"og:image:height\" content=\"1200\" \/>\n\t<meta property=\"og:image:type\" content=\"image\/jpeg\" \/>\n<meta name=\"author\" content=\"Emanuela\" \/>\n<meta name=\"twitter:card\" content=\"summary_large_image\" \/>\n<meta name=\"twitter:label1\" content=\"\u00c9crit par\" \/>\n\t<meta name=\"twitter:data1\" content=\"Emanuela\" \/>\n\t<meta name=\"twitter:label2\" content=\"Dur\u00e9e de lecture estim\u00e9e\" \/>\n\t<meta name=\"twitter:data2\" content=\"2 minutes\" \/>\n<script type=\"application\/ld+json\" class=\"yoast-schema-graph\">{\"@context\":\"https:\\\/\\\/schema.org\",\"@graph\":[{\"@type\":\"Article\",\"@id\":\"https:\\\/\\\/itervitis.eu\\\/fr\\\/iter-vitis-participates-in-the-enogastrodest-workshop-on-wine-heritage-in-pecs-hungary-march-10-12\\\/#article\",\"isPartOf\":{\"@id\":\"https:\\\/\\\/itervitis.eu\\\/fr\\\/iter-vitis-participates-in-the-enogastrodest-workshop-on-wine-heritage-in-pecs-hungary-march-10-12\\\/\"},\"author\":{\"name\":\"Emanuela\",\"@id\":\"https:\\\/\\\/itervitis.eu\\\/fr\\\/#\\\/schema\\\/person\\\/e30ae65c67a0e01c7cec43164cc55d48\"},\"headline\":\"Iter Vitis participates in the EnoGastroDEST Workshop on Wine Heritage in P\u00e9cs Hungary, March 10-12\",\"datePublished\":\"2026-03-12T11:59:42+00:00\",\"dateModified\":\"2026-03-12T11:59:50+00:00\",\"mainEntityOfPage\":{\"@id\":\"https:\\\/\\\/itervitis.eu\\\/fr\\\/iter-vitis-participates-in-the-enogastrodest-workshop-on-wine-heritage-in-pecs-hungary-march-10-12\\\/\"},\"wordCount\":323,\"publisher\":{\"@id\":\"https:\\\/\\\/itervitis.eu\\\/fr\\\/#organization\"},\"image\":{\"@id\":\"https:\\\/\\\/itervitis.eu\\\/fr\\\/iter-vitis-participates-in-the-enogastrodest-workshop-on-wine-heritage-in-pecs-hungary-march-10-12\\\/#primaryimage\"},\"thumbnailUrl\":\"https:\\\/\\\/itervitis.eu\\\/wp-content\\\/uploads\\\/2026\\\/03\\\/f7571aa0-b09d-46f2-b5ad-ed77cc6dafc5-1024x768.jpeg\",\"articleSection\":[\"News and Events\"],\"inLanguage\":\"fr-FR\"},{\"@type\":\"WebPage\",\"@id\":\"https:\\\/\\\/itervitis.eu\\\/fr\\\/iter-vitis-participates-in-the-enogastrodest-workshop-on-wine-heritage-in-pecs-hungary-march-10-12\\\/\",\"url\":\"https:\\\/\\\/itervitis.eu\\\/fr\\\/iter-vitis-participates-in-the-enogastrodest-workshop-on-wine-heritage-in-pecs-hungary-march-10-12\\\/\",\"name\":\"Iter Vitis participates in the EnoGastroDEST Workshop on Wine Heritage in P\u00e9cs Hungary, March 10-12 - Itervitis\",\"isPartOf\":{\"@id\":\"https:\\\/\\\/itervitis.eu\\\/fr\\\/#website\"},\"primaryImageOfPage\":{\"@id\":\"https:\\\/\\\/itervitis.eu\\\/fr\\\/iter-vitis-participates-in-the-enogastrodest-workshop-on-wine-heritage-in-pecs-hungary-march-10-12\\\/#primaryimage\"},\"image\":{\"@id\":\"https:\\\/\\\/itervitis.eu\\\/fr\\\/iter-vitis-participates-in-the-enogastrodest-workshop-on-wine-heritage-in-pecs-hungary-march-10-12\\\/#primaryimage\"},\"thumbnailUrl\":\"https:\\\/\\\/itervitis.eu\\\/wp-content\\\/uploads\\\/2026\\\/03\\\/f7571aa0-b09d-46f2-b5ad-ed77cc6dafc5-1024x768.jpeg\",\"datePublished\":\"2026-03-12T11:59:42+00:00\",\"dateModified\":\"2026-03-12T11:59:50+00:00\",\"breadcrumb\":{\"@id\":\"https:\\\/\\\/itervitis.eu\\\/fr\\\/iter-vitis-participates-in-the-enogastrodest-workshop-on-wine-heritage-in-pecs-hungary-march-10-12\\\/#breadcrumb\"},\"inLanguage\":\"fr-FR\",\"potentialAction\":[{\"@type\":\"ReadAction\",\"target\":[\"https:\\\/\\\/itervitis.eu\\\/fr\\\/iter-vitis-participates-in-the-enogastrodest-workshop-on-wine-heritage-in-pecs-hungary-march-10-12\\\/\"]}]},{\"@type\":\"ImageObject\",\"inLanguage\":\"fr-FR\",\"@id\":\"https:\\\/\\\/itervitis.eu\\\/fr\\\/iter-vitis-participates-in-the-enogastrodest-workshop-on-wine-heritage-in-pecs-hungary-march-10-12\\\/#primaryimage\",\"url\":\"https:\\\/\\\/itervitis.eu\\\/wp-content\\\/uploads\\\/2026\\\/03\\\/f7571aa0-b09d-46f2-b5ad-ed77cc6dafc5-1024x768.jpeg\",\"contentUrl\":\"https:\\\/\\\/itervitis.eu\\\/wp-content\\\/uploads\\\/2026\\\/03\\\/f7571aa0-b09d-46f2-b5ad-ed77cc6dafc5-1024x768.jpeg\"},{\"@type\":\"BreadcrumbList\",\"@id\":\"https:\\\/\\\/itervitis.eu\\\/fr\\\/iter-vitis-participates-in-the-enogastrodest-workshop-on-wine-heritage-in-pecs-hungary-march-10-12\\\/#breadcrumb\",\"itemListElement\":[{\"@type\":\"ListItem\",\"position\":1,\"name\":\"Home\",\"item\":\"https:\\\/\\\/itervitis.eu\\\/fr\\\/\"},{\"@type\":\"ListItem\",\"position\":2,\"name\":\"Nouvelles et Ev\u00e8nements\",\"item\":\"https:\\\/\\\/itervitis.eu\\\/fr\\\/non-classifiee\\\/\"},{\"@type\":\"ListItem\",\"position\":3,\"name\":\"Iter Vitis participates in the EnoGastroDEST Workshop on Wine Heritage in P\u00e9cs Hungary, March 10-12\"}]},{\"@type\":\"WebSite\",\"@id\":\"https:\\\/\\\/itervitis.eu\\\/fr\\\/#website\",\"url\":\"https:\\\/\\\/itervitis.eu\\\/fr\\\/\",\"name\":\"Itervitis\",\"description\":\"Les Chemins de la Vigne\",\"publisher\":{\"@id\":\"https:\\\/\\\/itervitis.eu\\\/fr\\\/#organization\"},\"potentialAction\":[{\"@type\":\"SearchAction\",\"target\":{\"@type\":\"EntryPoint\",\"urlTemplate\":\"https:\\\/\\\/itervitis.eu\\\/fr\\\/?s={search_term_string}\"},\"query-input\":{\"@type\":\"PropertyValueSpecification\",\"valueRequired\":true,\"valueName\":\"search_term_string\"}}],\"inLanguage\":\"fr-FR\"},{\"@type\":\"Organization\",\"@id\":\"https:\\\/\\\/itervitis.eu\\\/fr\\\/#organization\",\"name\":\"Itervitis\",\"url\":\"https:\\\/\\\/itervitis.eu\\\/fr\\\/\",\"logo\":{\"@type\":\"ImageObject\",\"inLanguage\":\"fr-FR\",\"@id\":\"https:\\\/\\\/itervitis.eu\\\/fr\\\/#\\\/schema\\\/logo\\\/image\\\/\",\"url\":\"https:\\\/\\\/itervitis.eu\\\/wp-content\\\/uploads\\\/2020\\\/02\\\/itervitis-logo.png\",\"contentUrl\":\"https:\\\/\\\/itervitis.eu\\\/wp-content\\\/uploads\\\/2020\\\/02\\\/itervitis-logo.png\",\"width\":980,\"height\":1110,\"caption\":\"Itervitis\"},\"image\":{\"@id\":\"https:\\\/\\\/itervitis.eu\\\/fr\\\/#\\\/schema\\\/logo\\\/image\\\/\"}},{\"@type\":\"Person\",\"@id\":\"https:\\\/\\\/itervitis.eu\\\/fr\\\/#\\\/schema\\\/person\\\/e30ae65c67a0e01c7cec43164cc55d48\",\"name\":\"Emanuela\",\"image\":{\"@type\":\"ImageObject\",\"inLanguage\":\"fr-FR\",\"@id\":\"https:\\\/\\\/secure.gravatar.com\\\/avatar\\\/fed5f24b89e34e0988b3fdcf1ea21e23fd7a282b7f476c7bcaad893ae5f1268e?s=96&d=mm&r=g\",\"url\":\"https:\\\/\\\/secure.gravatar.com\\\/avatar\\\/fed5f24b89e34e0988b3fdcf1ea21e23fd7a282b7f476c7bcaad893ae5f1268e?s=96&d=mm&r=g\",\"contentUrl\":\"https:\\\/\\\/secure.gravatar.com\\\/avatar\\\/fed5f24b89e34e0988b3fdcf1ea21e23fd7a282b7f476c7bcaad893ae5f1268e?s=96&d=mm&r=g\",\"caption\":\"Emanuela\"}}]}<\/script>\n<!-- \/ Yoast SEO plugin. -->","yoast_head_json":{"title":"Iter Vitis participates in the EnoGastroDEST Workshop on Wine Heritage in P\u00e9cs Hungary, March 10-12 - Itervitis","robots":{"index":"index","follow":"follow","max-snippet":"max-snippet:-1","max-image-preview":"max-image-preview:large","max-video-preview":"max-video-preview:-1"},"canonical":"https:\/\/itervitis.eu\/fr\/iter-vitis-participates-in-the-enogastrodest-workshop-on-wine-heritage-in-pecs-hungary-march-10-12\/","og_locale":"fr_FR","og_type":"article","og_title":"Iter Vitis participates in the EnoGastroDEST Workshop on Wine Heritage in P\u00e9cs Hungary, March 10-12 - Itervitis","og_description":"From 10 to 12 March 2026, the city of P\u00e9cs, Hungary, hosts the thematic workshop \u201cEno Heritage Preservation and Promotion for Wine Tourism\u201d, organised by the Chamber of Commerce and Industry of P\u00e9cs-Baranya (CCIPB) within the framework of the Interreg Europe project EnoGastroDEST. The event brings together policymakers, tourism professionals, wine sector representatives, and cultural [&hellip;]","og_url":"https:\/\/itervitis.eu\/fr\/iter-vitis-participates-in-the-enogastrodest-workshop-on-wine-heritage-in-pecs-hungary-march-10-12\/","og_site_name":"Itervitis","article_published_time":"2026-03-12T11:59:42+00:00","article_modified_time":"2026-03-12T11:59:50+00:00","og_image":[{"width":1600,"height":1200,"url":"https:\/\/itervitis.eu\/wp-content\/uploads\/2026\/03\/f7571aa0-b09d-46f2-b5ad-ed77cc6dafc5.jpeg","type":"image\/jpeg"}],"author":"Emanuela","twitter_card":"summary_large_image","twitter_misc":{"\u00c9crit par":"Emanuela","Dur\u00e9e de lecture estim\u00e9e":"2 minutes"},"schema":{"@context":"https:\/\/schema.org","@graph":[{"@type":"Article","@id":"https:\/\/itervitis.eu\/fr\/iter-vitis-participates-in-the-enogastrodest-workshop-on-wine-heritage-in-pecs-hungary-march-10-12\/#article","isPartOf":{"@id":"https:\/\/itervitis.eu\/fr\/iter-vitis-participates-in-the-enogastrodest-workshop-on-wine-heritage-in-pecs-hungary-march-10-12\/"},"author":{"name":"Emanuela","@id":"https:\/\/itervitis.eu\/fr\/#\/schema\/person\/e30ae65c67a0e01c7cec43164cc55d48"},"headline":"Iter Vitis participates in the EnoGastroDEST Workshop on Wine Heritage in P\u00e9cs Hungary, March 10-12","datePublished":"2026-03-12T11:59:42+00:00","dateModified":"2026-03-12T11:59:50+00:00","mainEntityOfPage":{"@id":"https:\/\/itervitis.eu\/fr\/iter-vitis-participates-in-the-enogastrodest-workshop-on-wine-heritage-in-pecs-hungary-march-10-12\/"},"wordCount":323,"publisher":{"@id":"https:\/\/itervitis.eu\/fr\/#organization"},"image":{"@id":"https:\/\/itervitis.eu\/fr\/iter-vitis-participates-in-the-enogastrodest-workshop-on-wine-heritage-in-pecs-hungary-march-10-12\/#primaryimage"},"thumbnailUrl":"https:\/\/itervitis.eu\/wp-content\/uploads\/2026\/03\/f7571aa0-b09d-46f2-b5ad-ed77cc6dafc5-1024x768.jpeg","articleSection":["News and Events"],"inLanguage":"fr-FR"},{"@type":"WebPage","@id":"https:\/\/itervitis.eu\/fr\/iter-vitis-participates-in-the-enogastrodest-workshop-on-wine-heritage-in-pecs-hungary-march-10-12\/","url":"https:\/\/itervitis.eu\/fr\/iter-vitis-participates-in-the-enogastrodest-workshop-on-wine-heritage-in-pecs-hungary-march-10-12\/","name":"Iter Vitis participates in the EnoGastroDEST Workshop on Wine Heritage in P\u00e9cs Hungary, March 10-12 - Itervitis","isPartOf":{"@id":"https:\/\/itervitis.eu\/fr\/#website"},"primaryImageOfPage":{"@id":"https:\/\/itervitis.eu\/fr\/iter-vitis-participates-in-the-enogastrodest-workshop-on-wine-heritage-in-pecs-hungary-march-10-12\/#primaryimage"},"image":{"@id":"https:\/\/itervitis.eu\/fr\/iter-vitis-participates-in-the-enogastrodest-workshop-on-wine-heritage-in-pecs-hungary-march-10-12\/#primaryimage"},"thumbnailUrl":"https:\/\/itervitis.eu\/wp-content\/uploads\/2026\/03\/f7571aa0-b09d-46f2-b5ad-ed77cc6dafc5-1024x768.jpeg","datePublished":"2026-03-12T11:59:42+00:00","dateModified":"2026-03-12T11:59:50+00:00","breadcrumb":{"@id":"https:\/\/itervitis.eu\/fr\/iter-vitis-participates-in-the-enogastrodest-workshop-on-wine-heritage-in-pecs-hungary-march-10-12\/#breadcrumb"},"inLanguage":"fr-FR","potentialAction":[{"@type":"ReadAction","target":["https:\/\/itervitis.eu\/fr\/iter-vitis-participates-in-the-enogastrodest-workshop-on-wine-heritage-in-pecs-hungary-march-10-12\/"]}]},{"@type":"ImageObject","inLanguage":"fr-FR","@id":"https:\/\/itervitis.eu\/fr\/iter-vitis-participates-in-the-enogastrodest-workshop-on-wine-heritage-in-pecs-hungary-march-10-12\/#primaryimage","url":"https:\/\/itervitis.eu\/wp-content\/uploads\/2026\/03\/f7571aa0-b09d-46f2-b5ad-ed77cc6dafc5-1024x768.jpeg","contentUrl":"https:\/\/itervitis.eu\/wp-content\/uploads\/2026\/03\/f7571aa0-b09d-46f2-b5ad-ed77cc6dafc5-1024x768.jpeg"},{"@type":"BreadcrumbList","@id":"https:\/\/itervitis.eu\/fr\/iter-vitis-participates-in-the-enogastrodest-workshop-on-wine-heritage-in-pecs-hungary-march-10-12\/#breadcrumb","itemListElement":[{"@type":"ListItem","position":1,"name":"Home","item":"https:\/\/itervitis.eu\/fr\/"},{"@type":"ListItem","position":2,"name":"Nouvelles et Ev\u00e8nements","item":"https:\/\/itervitis.eu\/fr\/non-classifiee\/"},{"@type":"ListItem","position":3,"name":"Iter Vitis participates in the EnoGastroDEST Workshop on Wine Heritage in P\u00e9cs Hungary, March 10-12"}]},{"@type":"WebSite","@id":"https:\/\/itervitis.eu\/fr\/#website","url":"https:\/\/itervitis.eu\/fr\/","name":"Itervitis","description":"Les Chemins de la Vigne","publisher":{"@id":"https:\/\/itervitis.eu\/fr\/#organization"},"potentialAction":[{"@type":"SearchAction","target":{"@type":"EntryPoint","urlTemplate":"https:\/\/itervitis.eu\/fr\/?s={search_term_string}"},"query-input":{"@type":"PropertyValueSpecification","valueRequired":true,"valueName":"search_term_string"}}],"inLanguage":"fr-FR"},{"@type":"Organization","@id":"https:\/\/itervitis.eu\/fr\/#organization","name":"Itervitis","url":"https:\/\/itervitis.eu\/fr\/","logo":{"@type":"ImageObject","inLanguage":"fr-FR","@id":"https:\/\/itervitis.eu\/fr\/#\/schema\/logo\/image\/","url":"https:\/\/itervitis.eu\/wp-content\/uploads\/2020\/02\/itervitis-logo.png","contentUrl":"https:\/\/itervitis.eu\/wp-content\/uploads\/2020\/02\/itervitis-logo.png","width":980,"height":1110,"caption":"Itervitis"},"image":{"@id":"https:\/\/itervitis.eu\/fr\/#\/schema\/logo\/image\/"}},{"@type":"Person","@id":"https:\/\/itervitis.eu\/fr\/#\/schema\/person\/e30ae65c67a0e01c7cec43164cc55d48","name":"Emanuela","image":{"@type":"ImageObject","inLanguage":"fr-FR","@id":"https:\/\/secure.gravatar.com\/avatar\/fed5f24b89e34e0988b3fdcf1ea21e23fd7a282b7f476c7bcaad893ae5f1268e?s=96&d=mm&r=g","url":"https:\/\/secure.gravatar.com\/avatar\/fed5f24b89e34e0988b3fdcf1ea21e23fd7a282b7f476c7bcaad893ae5f1268e?s=96&d=mm&r=g","contentUrl":"https:\/\/secure.gravatar.com\/avatar\/fed5f24b89e34e0988b3fdcf1ea21e23fd7a282b7f476c7bcaad893ae5f1268e?s=96&d=mm&r=g","caption":"Emanuela"}}]}},"featured_image_src":null,"featured_image_src_square":null,"author_info":{"display_name":"Emanuela","author_link":"https:\/\/itervitis.eu\/fr\/author\/emanuela\/"},"_links":{"self":[{"href":"https:\/\/itervitis.eu\/fr\/wp-json\/wp\/v2\/posts\/4105","targetHints":{"allow":["GET"]}}],"collection":[{"href":"https:\/\/itervitis.eu\/fr\/wp-json\/wp\/v2\/posts"}],"about":[{"href":"https:\/\/itervitis.eu\/fr\/wp-json\/wp\/v2\/types\/post"}],"author":[{"embeddable":true,"href":"https:\/\/itervitis.eu\/fr\/wp-json\/wp\/v2\/users\/5"}],"replies":[{"embeddable":true,"href":"https:\/\/itervitis.eu\/fr\/wp-json\/wp\/v2\/comments?post=4105"}],"version-history":[{"count":1,"href":"https:\/\/itervitis.eu\/fr\/wp-json\/wp\/v2\/posts\/4105\/revisions"}],"predecessor-version":[{"id":4107,"href":"https:\/\/itervitis.eu\/fr\/wp-json\/wp\/v2\/posts\/4105\/revisions\/4107"}],"wp:attachment":[{"href":"https:\/\/itervitis.eu\/fr\/wp-json\/wp\/v2\/media?parent=4105"}],"wp:term":[{"taxonomy":"category","embeddable":true,"href":"https:\/\/itervitis.eu\/fr\/wp-json\/wp\/v2\/categories?post=4105"},{"taxonomy":"post_tag","embeddable":true,"href":"https:\/\/itervitis.eu\/fr\/wp-json\/wp\/v2\/tags?post=4105"}],"curies":[{"name":"wp","href":"https:\/\/api.w.org\/{rel}","templated":true}]}}