{"id":4100,"date":"2026-03-10T09:33:04","date_gmt":"2026-03-10T09:33:04","guid":{"rendered":"https:\/\/itervitis.eu\/?p=4100"},"modified":"2026-03-10T09:33:07","modified_gmt":"2026-03-10T09:33:07","slug":"7th-international-congress-on-rural-tourism-rab-croatia-6-9-may-2026","status":"publish","type":"post","link":"https:\/\/itervitis.eu\/fr\/7th-international-congress-on-rural-tourism-rab-croatia-6-9-may-2026\/","title":{"rendered":"7th International Congress on Rural Tourism \u2013 Rab, Croatia 6\u20139 May 2026"},"content":{"rendered":"\n<p>Preparations are underway for the <strong>7th International Congress on Rural Tourism<\/strong>, which will take place <strong>6\u20139 May 2026 on the island and in the city of Rab<\/strong>, located in <strong>Primorje-Gorski Kotar County, Croatia<\/strong>.<\/p>\n\n\n\n<p>This year\u2019s congress will be hosted in a region that holds the prestigious title of <strong>European Region of Gastronomy 2026<\/strong>, highlighting the strong connection between <strong>local gastronomy, rural heritage, and sustainable tourism development<\/strong>. The event builds on the success of previous editions held in Cavtat and Podstrana and has established itself as one of the most important international scientific and professional gatherings dedicated to rural tourism.<\/p>\n\n\n\n<figure class=\"wp-block-image size-large\"><img decoding=\"async\" width=\"1024\" height=\"1024\" data-src=\"https:\/\/itervitis.eu\/wp-content\/uploads\/2026\/03\/Eng-slogan-2-1024x1024.jpg\" alt=\"\" class=\"wp-image-4101 lazyload\" data-srcset=\"https:\/\/itervitis.eu\/wp-content\/uploads\/2026\/03\/Eng-slogan-2-1024x1024.jpg 1024w, https:\/\/itervitis.eu\/wp-content\/uploads\/2026\/03\/Eng-slogan-2-300x300.jpg 300w, https:\/\/itervitis.eu\/wp-content\/uploads\/2026\/03\/Eng-slogan-2-150x150.jpg 150w, https:\/\/itervitis.eu\/wp-content\/uploads\/2026\/03\/Eng-slogan-2-768x768.jpg 768w, https:\/\/itervitis.eu\/wp-content\/uploads\/2026\/03\/Eng-slogan-2-1536x1536.jpg 1536w, https:\/\/itervitis.eu\/wp-content\/uploads\/2026\/03\/Eng-slogan-2-600x600.jpg 600w, https:\/\/itervitis.eu\/wp-content\/uploads\/2026\/03\/Eng-slogan-2.jpg 1654w\" data-sizes=\"(max-width: 1024px) 100vw, 1024px\" src=\"data:image\/svg+xml;base64,PHN2ZyB3aWR0aD0iMSIgaGVpZ2h0PSIxIiB4bWxucz0iaHR0cDovL3d3dy53My5vcmcvMjAwMC9zdmciPjwvc3ZnPg==\" style=\"--smush-placeholder-width: 1024px; --smush-placeholder-aspect-ratio: 1024\/1024;\" \/><\/figure>\n\n\n\n<p>The Congress is organized under the slogan:<\/p>\n\n\n\n<h3 class=\"wp-block-heading\">\u201cCreative Transformation of Rural Tourism: Sustainability, Digitalization and Inclusiveness\u201d<\/h3>\n\n\n\n<p>This theme reflects the major transformations taking place in rural destinations across Europe. Discussions will focus on how innovation, digital tools, and inclusive development models can support the sustainable growth of rural tourism while preserving local culture, landscapes, and traditional livelihoods.<\/p>\n\n\n\n<p>The event will also host the <strong>9th European Congress on Rural Tourism<\/strong>, ensuring strong international visibility and participation from both academia and industry.<\/p>\n\n\n\n<p>The <strong>Program Committee already includes experts from 22 countries<\/strong>, bringing together researchers, tourism professionals, policymakers, and destination managers working on rural and sustainable tourism development.<\/p>\n\n\n\n<p>For networks such as <strong>Iter Vitis \u2013 Les Chemins de la Vigne en Europe<\/strong>, the Congress offers a valuable platform to highlight the role of <strong>wine heritage, vineyard landscapes, and enogastronomic tourism<\/strong> in revitalizing rural areas, protecting cultural landscapes, and supporting local communities.<\/p>\n\n\n\n<p>The organizers have also invited Iter Vitis to participate as a <strong>co-organizer<\/strong>, reflecting the growing recognition of wine routes and cultural heritage networks as key drivers of rural tourism innovation in Europe.<\/p>\n\n\n\n<h3 class=\"wp-block-heading\">Opportunities for Participation<\/h3>\n\n\n\n<p>The Congress offers several ways for experts and organizations to contribute:<\/p>\n\n\n\n<ul class=\"wp-block-list\">\n<li>Scientific research presentations<\/li>\n\n\n\n<li>Good practice and project examples<\/li>\n\n\n\n<li>Panel discussions and thematic sessions<\/li>\n\n\n\n<li>Networking opportunities with international tourism stakeholders<\/li>\n<\/ul>\n\n\n\n<p>Participants will have the opportunity to <strong>present research, exchange ideas with colleagues from across Europe, and connect academic knowledge with practical tourism development initiatives<\/strong>.<\/p>\n\n\n\n<h3 class=\"wp-block-heading\">Key Deadlines<\/h3>\n\n\n\n<p>\u2022 <strong>23 March 2026<\/strong> \u2013 Deadline for abstract submission<br>\u2022 <strong>31 March 2026<\/strong> \u2013 Deadline for submission of good practice\/project presentations<br>\u2022 <strong>6\u20139 May 2026<\/strong> \u2013 Congress participation in Rab, Croatia<br>\u2022 <strong>10 June 2026<\/strong> \u2013 Deadline for submission of full papers (after the Congress)<\/p>\n\n\n\n<p>More details about the Congress programme and registration are available on the official website:<br><a href=\"https:\/\/kongres.klubselo.hr\/en\">https:\/\/kongres.klubselo.hr\/en<\/a><\/p>\n\n\n\n<p>Iter Vitis encourages its members, researchers, and tourism practitioners working in <strong>wine tourism, rural development, gastronomy, and cultural heritage<\/strong> to explore participation in this important international event.<\/p>\n","protected":false},"excerpt":{"rendered":"<p>Preparations are underway for the 7th International Congress on Rural Tourism, which will take place 6\u20139 May 2026 on the island and in the city of Rab, located in Primorje-Gorski Kotar County, Croatia. This year\u2019s congress will be hosted in a region that holds the prestigious title of European Region of Gastronomy 2026, highlighting the [&hellip;]<\/p>\n","protected":false},"author":5,"featured_media":0,"comment_status":"closed","ping_status":"closed","sticky":false,"template":"","format":"standard","meta":{"inline_featured_image":false,"_genesis_hide_title":false,"_genesis_hide_breadcrumbs":false,"_genesis_hide_singular_image":false,"_genesis_hide_footer_widgets":false,"_genesis_custom_body_class":"","_genesis_custom_post_class":"","_genesis_layout":"","footnotes":""},"categories":[1],"tags":[],"class_list":{"0":"post-4100","1":"post","2":"type-post","3":"status-publish","4":"format-standard","6":"category-news-and-events","7":"entry","8":"has-post-thumbnail"},"yoast_head":"<!-- This site is optimized with the Yoast SEO plugin v27.4 - https:\/\/yoast.com\/product\/yoast-seo-wordpress\/ -->\n<title>7th International Congress on Rural Tourism \u2013 Rab, Croatia 6\u20139 May 2026 - Itervitis<\/title>\n<meta name=\"robots\" content=\"index, follow, max-snippet:-1, max-image-preview:large, max-video-preview:-1\" \/>\n<link rel=\"canonical\" href=\"https:\/\/itervitis.eu\/fr\/7th-international-congress-on-rural-tourism-rab-croatia-6-9-may-2026\/\" \/>\n<meta property=\"og:locale\" content=\"fr_FR\" \/>\n<meta property=\"og:type\" content=\"article\" \/>\n<meta property=\"og:title\" content=\"7th International Congress on Rural Tourism \u2013 Rab, Croatia 6\u20139 May 2026 - Itervitis\" \/>\n<meta property=\"og:description\" content=\"Preparations are underway for the 7th International Congress on Rural Tourism, which will take place 6\u20139 May 2026 on the island and in the city of Rab, located in Primorje-Gorski Kotar County, Croatia. This year\u2019s congress will be hosted in a region that holds the prestigious title of European Region of Gastronomy 2026, highlighting the [&hellip;]\" \/>\n<meta property=\"og:url\" content=\"https:\/\/itervitis.eu\/fr\/7th-international-congress-on-rural-tourism-rab-croatia-6-9-may-2026\/\" \/>\n<meta property=\"og:site_name\" content=\"Itervitis\" \/>\n<meta property=\"article:published_time\" content=\"2026-03-10T09:33:04+00:00\" \/>\n<meta property=\"article:modified_time\" content=\"2026-03-10T09:33:07+00:00\" \/>\n<meta property=\"og:image\" content=\"https:\/\/itervitis.eu\/wp-content\/uploads\/2026\/03\/Eng-slogan-2.jpg\" \/>\n\t<meta property=\"og:image:width\" content=\"1654\" \/>\n\t<meta property=\"og:image:height\" content=\"1654\" \/>\n\t<meta property=\"og:image:type\" content=\"image\/jpeg\" \/>\n<meta name=\"author\" content=\"Emanuela\" \/>\n<meta name=\"twitter:card\" content=\"summary_large_image\" \/>\n<meta name=\"twitter:label1\" content=\"\u00c9crit par\" \/>\n\t<meta name=\"twitter:data1\" content=\"Emanuela\" \/>\n\t<meta name=\"twitter:label2\" content=\"Dur\u00e9e de lecture estim\u00e9e\" \/>\n\t<meta name=\"twitter:data2\" content=\"3 minutes\" \/>\n<script type=\"application\/ld+json\" class=\"yoast-schema-graph\">{\"@context\":\"https:\\\/\\\/schema.org\",\"@graph\":[{\"@type\":\"Article\",\"@id\":\"https:\\\/\\\/itervitis.eu\\\/fr\\\/7th-international-congress-on-rural-tourism-rab-croatia-6-9-may-2026\\\/#article\",\"isPartOf\":{\"@id\":\"https:\\\/\\\/itervitis.eu\\\/fr\\\/7th-international-congress-on-rural-tourism-rab-croatia-6-9-may-2026\\\/\"},\"author\":{\"name\":\"Emanuela\",\"@id\":\"https:\\\/\\\/itervitis.eu\\\/fr\\\/#\\\/schema\\\/person\\\/e30ae65c67a0e01c7cec43164cc55d48\"},\"headline\":\"7th International Congress on Rural Tourism \u2013 Rab, Croatia 6\u20139 May 2026\",\"datePublished\":\"2026-03-10T09:33:04+00:00\",\"dateModified\":\"2026-03-10T09:33:07+00:00\",\"mainEntityOfPage\":{\"@id\":\"https:\\\/\\\/itervitis.eu\\\/fr\\\/7th-international-congress-on-rural-tourism-rab-croatia-6-9-may-2026\\\/\"},\"wordCount\":419,\"publisher\":{\"@id\":\"https:\\\/\\\/itervitis.eu\\\/fr\\\/#organization\"},\"image\":{\"@id\":\"https:\\\/\\\/itervitis.eu\\\/fr\\\/7th-international-congress-on-rural-tourism-rab-croatia-6-9-may-2026\\\/#primaryimage\"},\"thumbnailUrl\":\"https:\\\/\\\/itervitis.eu\\\/wp-content\\\/uploads\\\/2026\\\/03\\\/Eng-slogan-2-1024x1024.jpg\",\"articleSection\":[\"News and Events\"],\"inLanguage\":\"fr-FR\"},{\"@type\":\"WebPage\",\"@id\":\"https:\\\/\\\/itervitis.eu\\\/fr\\\/7th-international-congress-on-rural-tourism-rab-croatia-6-9-may-2026\\\/\",\"url\":\"https:\\\/\\\/itervitis.eu\\\/fr\\\/7th-international-congress-on-rural-tourism-rab-croatia-6-9-may-2026\\\/\",\"name\":\"7th International Congress on Rural Tourism \u2013 Rab, Croatia 6\u20139 May 2026 - Itervitis\",\"isPartOf\":{\"@id\":\"https:\\\/\\\/itervitis.eu\\\/fr\\\/#website\"},\"primaryImageOfPage\":{\"@id\":\"https:\\\/\\\/itervitis.eu\\\/fr\\\/7th-international-congress-on-rural-tourism-rab-croatia-6-9-may-2026\\\/#primaryimage\"},\"image\":{\"@id\":\"https:\\\/\\\/itervitis.eu\\\/fr\\\/7th-international-congress-on-rural-tourism-rab-croatia-6-9-may-2026\\\/#primaryimage\"},\"thumbnailUrl\":\"https:\\\/\\\/itervitis.eu\\\/wp-content\\\/uploads\\\/2026\\\/03\\\/Eng-slogan-2-1024x1024.jpg\",\"datePublished\":\"2026-03-10T09:33:04+00:00\",\"dateModified\":\"2026-03-10T09:33:07+00:00\",\"breadcrumb\":{\"@id\":\"https:\\\/\\\/itervitis.eu\\\/fr\\\/7th-international-congress-on-rural-tourism-rab-croatia-6-9-may-2026\\\/#breadcrumb\"},\"inLanguage\":\"fr-FR\",\"potentialAction\":[{\"@type\":\"ReadAction\",\"target\":[\"https:\\\/\\\/itervitis.eu\\\/fr\\\/7th-international-congress-on-rural-tourism-rab-croatia-6-9-may-2026\\\/\"]}]},{\"@type\":\"ImageObject\",\"inLanguage\":\"fr-FR\",\"@id\":\"https:\\\/\\\/itervitis.eu\\\/fr\\\/7th-international-congress-on-rural-tourism-rab-croatia-6-9-may-2026\\\/#primaryimage\",\"url\":\"https:\\\/\\\/itervitis.eu\\\/wp-content\\\/uploads\\\/2026\\\/03\\\/Eng-slogan-2-1024x1024.jpg\",\"contentUrl\":\"https:\\\/\\\/itervitis.eu\\\/wp-content\\\/uploads\\\/2026\\\/03\\\/Eng-slogan-2-1024x1024.jpg\"},{\"@type\":\"BreadcrumbList\",\"@id\":\"https:\\\/\\\/itervitis.eu\\\/fr\\\/7th-international-congress-on-rural-tourism-rab-croatia-6-9-may-2026\\\/#breadcrumb\",\"itemListElement\":[{\"@type\":\"ListItem\",\"position\":1,\"name\":\"Home\",\"item\":\"https:\\\/\\\/itervitis.eu\\\/fr\\\/\"},{\"@type\":\"ListItem\",\"position\":2,\"name\":\"Nouvelles et Ev\u00e8nements\",\"item\":\"https:\\\/\\\/itervitis.eu\\\/fr\\\/non-classifiee\\\/\"},{\"@type\":\"ListItem\",\"position\":3,\"name\":\"7th International Congress on Rural Tourism \u2013 Rab, Croatia 6\u20139 May 2026\"}]},{\"@type\":\"WebSite\",\"@id\":\"https:\\\/\\\/itervitis.eu\\\/fr\\\/#website\",\"url\":\"https:\\\/\\\/itervitis.eu\\\/fr\\\/\",\"name\":\"Itervitis\",\"description\":\"Les Chemins de la Vigne\",\"publisher\":{\"@id\":\"https:\\\/\\\/itervitis.eu\\\/fr\\\/#organization\"},\"potentialAction\":[{\"@type\":\"SearchAction\",\"target\":{\"@type\":\"EntryPoint\",\"urlTemplate\":\"https:\\\/\\\/itervitis.eu\\\/fr\\\/?s={search_term_string}\"},\"query-input\":{\"@type\":\"PropertyValueSpecification\",\"valueRequired\":true,\"valueName\":\"search_term_string\"}}],\"inLanguage\":\"fr-FR\"},{\"@type\":\"Organization\",\"@id\":\"https:\\\/\\\/itervitis.eu\\\/fr\\\/#organization\",\"name\":\"Itervitis\",\"url\":\"https:\\\/\\\/itervitis.eu\\\/fr\\\/\",\"logo\":{\"@type\":\"ImageObject\",\"inLanguage\":\"fr-FR\",\"@id\":\"https:\\\/\\\/itervitis.eu\\\/fr\\\/#\\\/schema\\\/logo\\\/image\\\/\",\"url\":\"https:\\\/\\\/itervitis.eu\\\/wp-content\\\/uploads\\\/2020\\\/02\\\/itervitis-logo.png\",\"contentUrl\":\"https:\\\/\\\/itervitis.eu\\\/wp-content\\\/uploads\\\/2020\\\/02\\\/itervitis-logo.png\",\"width\":980,\"height\":1110,\"caption\":\"Itervitis\"},\"image\":{\"@id\":\"https:\\\/\\\/itervitis.eu\\\/fr\\\/#\\\/schema\\\/logo\\\/image\\\/\"}},{\"@type\":\"Person\",\"@id\":\"https:\\\/\\\/itervitis.eu\\\/fr\\\/#\\\/schema\\\/person\\\/e30ae65c67a0e01c7cec43164cc55d48\",\"name\":\"Emanuela\",\"image\":{\"@type\":\"ImageObject\",\"inLanguage\":\"fr-FR\",\"@id\":\"https:\\\/\\\/secure.gravatar.com\\\/avatar\\\/fed5f24b89e34e0988b3fdcf1ea21e23fd7a282b7f476c7bcaad893ae5f1268e?s=96&d=mm&r=g\",\"url\":\"https:\\\/\\\/secure.gravatar.com\\\/avatar\\\/fed5f24b89e34e0988b3fdcf1ea21e23fd7a282b7f476c7bcaad893ae5f1268e?s=96&d=mm&r=g\",\"contentUrl\":\"https:\\\/\\\/secure.gravatar.com\\\/avatar\\\/fed5f24b89e34e0988b3fdcf1ea21e23fd7a282b7f476c7bcaad893ae5f1268e?s=96&d=mm&r=g\",\"caption\":\"Emanuela\"}}]}<\/script>\n<!-- \/ Yoast SEO plugin. -->","yoast_head_json":{"title":"7th International Congress on Rural Tourism \u2013 Rab, Croatia 6\u20139 May 2026 - Itervitis","robots":{"index":"index","follow":"follow","max-snippet":"max-snippet:-1","max-image-preview":"max-image-preview:large","max-video-preview":"max-video-preview:-1"},"canonical":"https:\/\/itervitis.eu\/fr\/7th-international-congress-on-rural-tourism-rab-croatia-6-9-may-2026\/","og_locale":"fr_FR","og_type":"article","og_title":"7th International Congress on Rural Tourism \u2013 Rab, Croatia 6\u20139 May 2026 - Itervitis","og_description":"Preparations are underway for the 7th International Congress on Rural Tourism, which will take place 6\u20139 May 2026 on the island and in the city of Rab, located in Primorje-Gorski Kotar County, Croatia. This year\u2019s congress will be hosted in a region that holds the prestigious title of European Region of Gastronomy 2026, highlighting the [&hellip;]","og_url":"https:\/\/itervitis.eu\/fr\/7th-international-congress-on-rural-tourism-rab-croatia-6-9-may-2026\/","og_site_name":"Itervitis","article_published_time":"2026-03-10T09:33:04+00:00","article_modified_time":"2026-03-10T09:33:07+00:00","og_image":[{"width":1654,"height":1654,"url":"https:\/\/itervitis.eu\/wp-content\/uploads\/2026\/03\/Eng-slogan-2.jpg","type":"image\/jpeg"}],"author":"Emanuela","twitter_card":"summary_large_image","twitter_misc":{"\u00c9crit par":"Emanuela","Dur\u00e9e de lecture estim\u00e9e":"3 minutes"},"schema":{"@context":"https:\/\/schema.org","@graph":[{"@type":"Article","@id":"https:\/\/itervitis.eu\/fr\/7th-international-congress-on-rural-tourism-rab-croatia-6-9-may-2026\/#article","isPartOf":{"@id":"https:\/\/itervitis.eu\/fr\/7th-international-congress-on-rural-tourism-rab-croatia-6-9-may-2026\/"},"author":{"name":"Emanuela","@id":"https:\/\/itervitis.eu\/fr\/#\/schema\/person\/e30ae65c67a0e01c7cec43164cc55d48"},"headline":"7th International Congress on Rural Tourism \u2013 Rab, Croatia 6\u20139 May 2026","datePublished":"2026-03-10T09:33:04+00:00","dateModified":"2026-03-10T09:33:07+00:00","mainEntityOfPage":{"@id":"https:\/\/itervitis.eu\/fr\/7th-international-congress-on-rural-tourism-rab-croatia-6-9-may-2026\/"},"wordCount":419,"publisher":{"@id":"https:\/\/itervitis.eu\/fr\/#organization"},"image":{"@id":"https:\/\/itervitis.eu\/fr\/7th-international-congress-on-rural-tourism-rab-croatia-6-9-may-2026\/#primaryimage"},"thumbnailUrl":"https:\/\/itervitis.eu\/wp-content\/uploads\/2026\/03\/Eng-slogan-2-1024x1024.jpg","articleSection":["News and Events"],"inLanguage":"fr-FR"},{"@type":"WebPage","@id":"https:\/\/itervitis.eu\/fr\/7th-international-congress-on-rural-tourism-rab-croatia-6-9-may-2026\/","url":"https:\/\/itervitis.eu\/fr\/7th-international-congress-on-rural-tourism-rab-croatia-6-9-may-2026\/","name":"7th International Congress on Rural Tourism \u2013 Rab, Croatia 6\u20139 May 2026 - Itervitis","isPartOf":{"@id":"https:\/\/itervitis.eu\/fr\/#website"},"primaryImageOfPage":{"@id":"https:\/\/itervitis.eu\/fr\/7th-international-congress-on-rural-tourism-rab-croatia-6-9-may-2026\/#primaryimage"},"image":{"@id":"https:\/\/itervitis.eu\/fr\/7th-international-congress-on-rural-tourism-rab-croatia-6-9-may-2026\/#primaryimage"},"thumbnailUrl":"https:\/\/itervitis.eu\/wp-content\/uploads\/2026\/03\/Eng-slogan-2-1024x1024.jpg","datePublished":"2026-03-10T09:33:04+00:00","dateModified":"2026-03-10T09:33:07+00:00","breadcrumb":{"@id":"https:\/\/itervitis.eu\/fr\/7th-international-congress-on-rural-tourism-rab-croatia-6-9-may-2026\/#breadcrumb"},"inLanguage":"fr-FR","potentialAction":[{"@type":"ReadAction","target":["https:\/\/itervitis.eu\/fr\/7th-international-congress-on-rural-tourism-rab-croatia-6-9-may-2026\/"]}]},{"@type":"ImageObject","inLanguage":"fr-FR","@id":"https:\/\/itervitis.eu\/fr\/7th-international-congress-on-rural-tourism-rab-croatia-6-9-may-2026\/#primaryimage","url":"https:\/\/itervitis.eu\/wp-content\/uploads\/2026\/03\/Eng-slogan-2-1024x1024.jpg","contentUrl":"https:\/\/itervitis.eu\/wp-content\/uploads\/2026\/03\/Eng-slogan-2-1024x1024.jpg"},{"@type":"BreadcrumbList","@id":"https:\/\/itervitis.eu\/fr\/7th-international-congress-on-rural-tourism-rab-croatia-6-9-may-2026\/#breadcrumb","itemListElement":[{"@type":"ListItem","position":1,"name":"Home","item":"https:\/\/itervitis.eu\/fr\/"},{"@type":"ListItem","position":2,"name":"Nouvelles et Ev\u00e8nements","item":"https:\/\/itervitis.eu\/fr\/non-classifiee\/"},{"@type":"ListItem","position":3,"name":"7th International Congress on Rural Tourism \u2013 Rab, Croatia 6\u20139 May 2026"}]},{"@type":"WebSite","@id":"https:\/\/itervitis.eu\/fr\/#website","url":"https:\/\/itervitis.eu\/fr\/","name":"Itervitis","description":"Les Chemins de la Vigne","publisher":{"@id":"https:\/\/itervitis.eu\/fr\/#organization"},"potentialAction":[{"@type":"SearchAction","target":{"@type":"EntryPoint","urlTemplate":"https:\/\/itervitis.eu\/fr\/?s={search_term_string}"},"query-input":{"@type":"PropertyValueSpecification","valueRequired":true,"valueName":"search_term_string"}}],"inLanguage":"fr-FR"},{"@type":"Organization","@id":"https:\/\/itervitis.eu\/fr\/#organization","name":"Itervitis","url":"https:\/\/itervitis.eu\/fr\/","logo":{"@type":"ImageObject","inLanguage":"fr-FR","@id":"https:\/\/itervitis.eu\/fr\/#\/schema\/logo\/image\/","url":"https:\/\/itervitis.eu\/wp-content\/uploads\/2020\/02\/itervitis-logo.png","contentUrl":"https:\/\/itervitis.eu\/wp-content\/uploads\/2020\/02\/itervitis-logo.png","width":980,"height":1110,"caption":"Itervitis"},"image":{"@id":"https:\/\/itervitis.eu\/fr\/#\/schema\/logo\/image\/"}},{"@type":"Person","@id":"https:\/\/itervitis.eu\/fr\/#\/schema\/person\/e30ae65c67a0e01c7cec43164cc55d48","name":"Emanuela","image":{"@type":"ImageObject","inLanguage":"fr-FR","@id":"https:\/\/secure.gravatar.com\/avatar\/fed5f24b89e34e0988b3fdcf1ea21e23fd7a282b7f476c7bcaad893ae5f1268e?s=96&d=mm&r=g","url":"https:\/\/secure.gravatar.com\/avatar\/fed5f24b89e34e0988b3fdcf1ea21e23fd7a282b7f476c7bcaad893ae5f1268e?s=96&d=mm&r=g","contentUrl":"https:\/\/secure.gravatar.com\/avatar\/fed5f24b89e34e0988b3fdcf1ea21e23fd7a282b7f476c7bcaad893ae5f1268e?s=96&d=mm&r=g","caption":"Emanuela"}}]}},"featured_image_src":null,"featured_image_src_square":null,"author_info":{"display_name":"Emanuela","author_link":"https:\/\/itervitis.eu\/fr\/author\/emanuela\/"},"_links":{"self":[{"href":"https:\/\/itervitis.eu\/fr\/wp-json\/wp\/v2\/posts\/4100","targetHints":{"allow":["GET"]}}],"collection":[{"href":"https:\/\/itervitis.eu\/fr\/wp-json\/wp\/v2\/posts"}],"about":[{"href":"https:\/\/itervitis.eu\/fr\/wp-json\/wp\/v2\/types\/post"}],"author":[{"embeddable":true,"href":"https:\/\/itervitis.eu\/fr\/wp-json\/wp\/v2\/users\/5"}],"replies":[{"embeddable":true,"href":"https:\/\/itervitis.eu\/fr\/wp-json\/wp\/v2\/comments?post=4100"}],"version-history":[{"count":1,"href":"https:\/\/itervitis.eu\/fr\/wp-json\/wp\/v2\/posts\/4100\/revisions"}],"predecessor-version":[{"id":4102,"href":"https:\/\/itervitis.eu\/fr\/wp-json\/wp\/v2\/posts\/4100\/revisions\/4102"}],"wp:attachment":[{"href":"https:\/\/itervitis.eu\/fr\/wp-json\/wp\/v2\/media?parent=4100"}],"wp:term":[{"taxonomy":"category","embeddable":true,"href":"https:\/\/itervitis.eu\/fr\/wp-json\/wp\/v2\/categories?post=4100"},{"taxonomy":"post_tag","embeddable":true,"href":"https:\/\/itervitis.eu\/fr\/wp-json\/wp\/v2\/tags?post=4100"}],"curies":[{"name":"wp","href":"https:\/\/api.w.org\/{rel}","templated":true}]}}