{"id":1387,"date":"2020-06-07T17:50:44","date_gmt":"2020-06-07T17:50:44","guid":{"rendered":"https:\/\/itervitis.eu\/decouvrez-le-patrimoine-culturel\/"},"modified":"2025-09-25T11:50:35","modified_gmt":"2025-09-25T11:50:35","slug":"decouvrez-le-patrimoine-culturel","status":"publish","type":"post","link":"https:\/\/itervitis.eu\/fr\/decouvrez-le-patrimoine-culturel\/","title":{"rendered":"D\u00e9couvrez le patrimoine culturel"},"content":{"rendered":"\n<div class=\"wp-block-media-text alignwide is-stacked-on-mobile\"><figure class=\"wp-block-media-text__media\"><img decoding=\"async\" width=\"693\" height=\"462\" data-src=\"https:\/\/itervitis.eu\/wp-content\/uploads\/2020\/06\/Kulturhuef.jpg\" alt=\"\" class=\"wp-image-1366 lazyload\" data-srcset=\"https:\/\/itervitis.eu\/wp-content\/uploads\/2020\/06\/Kulturhuef.jpg 693w, https:\/\/itervitis.eu\/wp-content\/uploads\/2020\/06\/Kulturhuef-300x200.jpg 300w, https:\/\/itervitis.eu\/wp-content\/uploads\/2020\/06\/Kulturhuef-600x400.jpg 600w\" data-sizes=\"(max-width: 693px) 100vw, 693px\" src=\"data:image\/svg+xml;base64,PHN2ZyB3aWR0aD0iMSIgaGVpZ2h0PSIxIiB4bWxucz0iaHR0cDovL3d3dy53My5vcmcvMjAwMC9zdmciPjwvc3ZnPg==\" style=\"--smush-placeholder-width: 693px; --smush-placeholder-aspect-ratio: 693\/462;\" \/><\/figure><div class=\"wp-block-media-text__content\">\n<h5 class=\"wp-block-heading\">Jour 1<\/h5>\n\n\n\n<p>Arriv\u00e9e \u00e0 l&rsquo;h\u00f4tel de votre choix (+ &#8211; 14h00). &#13;\nAujourd\u2019hui, vous vous dirigez dans la m\u00e9tropole de la Moselle, \u00e0 Grevenmacher. Nous vous proposons d\u2019y <strong>visiter le Kulturhuef<\/strong>, le Mus\u00e9e luxembourgeois de l\u2019imprimerie et de la carte \u00e0 jouer. Il montre deux expositions permanentes: l\u2019exposition sur les cartes \u00e0 jouer qui retrace l\u2019histoire de l\u2019ancienne production de cartes \u00e0 jouer de la famille Dieudonn\u00e9 \u00e0 Grevenmacher et l\u2019exposition \u00ab Gutenberg Revisited \u00bb, enti\u00e8rement remani\u00e9e en 2018, qui traite de l\u2019histoire de l\u2019imprimerie et propose de nombreux nouveaux objets et une chronologie claire.&#13;\nRetour \u00e0 votre h\u00f4tel.<\/p>\n\n\n\n<p>Retour \u00e0 votre h\u00f4tel.<\/p>\n<\/div><\/div>\n<div style=\"color:#ddd\" class=\"wp-block-genesis-blocks-gb-spacer gb-block-spacer gb-divider-solid gb-divider-size-1\"><hr style=\"height:30px\"\/><\/div>\r\n\n<div class=\"wp-block-media-text alignwide is-stacked-on-mobile\"><figure class=\"wp-block-media-text__media\"><img decoding=\"async\" width=\"520\" height=\"265\" data-src=\"https:\/\/itervitis.eu\/wp-content\/uploads\/2020\/06\/luxembourg-a-possen.jpg\" alt=\"\" class=\"wp-image-1371 lazyload\" data-srcset=\"https:\/\/itervitis.eu\/wp-content\/uploads\/2020\/06\/luxembourg-a-possen.jpg 520w, https:\/\/itervitis.eu\/wp-content\/uploads\/2020\/06\/luxembourg-a-possen-300x153.jpg 300w\" data-sizes=\"(max-width: 520px) 100vw, 520px\" src=\"data:image\/svg+xml;base64,PHN2ZyB3aWR0aD0iMSIgaGVpZ2h0PSIxIiB4bWxucz0iaHR0cDovL3d3dy53My5vcmcvMjAwMC9zdmciPjwvc3ZnPg==\" style=\"--smush-placeholder-width: 520px; --smush-placeholder-aspect-ratio: 520\/265;\" \/><\/figure><div class=\"wp-block-media-text__content\">\n<h5 class=\"wp-block-heading\">Jour 2<\/h5>\n\n\n\n<p>Petit d\u00e9jeuner \u00e0 l&rsquo;h\u00f4tel.&#13;\nPlongez dans la vie d&rsquo;une famille de vignerons aux XVIIIe et XIXe si\u00e8cles et <strong>visitez le mus\u00e9e et de la bar \u00e0 vin \u00ab\u00a0A Possen\u00a0\u00bb<\/strong> \u00e0 Bech-Kleinmacher. Sur 1200 m\u00b2, une maison de vigneron compl\u00e8te, la production de vin et des ateliers de cordonnerie, une tonnellerie et un atelier de tissage vous attendent, ainsi qu&rsquo;une collection vari\u00e9e de poup\u00e9es anciennes, d&rsquo;ours en peluche, un chemin de fer miniature et toutes sortes de jouets d&rsquo;autrefois.&#13;\n<\/p>\n\n\n\n<p>Apr\u00e8s votre visite au mus\u00e9e, un excellent verre de vin luxembourgeois et une excellente cuisine vous attendent dans le W\u00e4istuff \u00ab\u00a0A Possen\u00a0\u00bb just \u00e0 c\u00f4t\u00e9!<\/p>\n<\/div><\/div>\n\n<div class=\"wp-block-genesis-blocks-gb-columns gb-layout-columns-1 one-column alignwide\"><div class=\"gb-layout-column-wrap gb-block-layout-column-gap-2 gb-is-responsive-column\">\n<div class=\"wp-block-genesis-blocks-gb-column gb-block-layout-column\"><div class=\"gb-block-layout-column-inner\">\n<p><strong>Tout le monde \u00e0 bord!<\/strong><\/p>\n\n\n\n<p>Quoi de plus parfait apr\u00e8s le d\u00e9jeuner qu&rsquo;une promenade en bateau sur la Moselle? Avec le soleil sur le pont et une excellente goutte de la r\u00e9gion, vous glissez le long des vignobles \u00e0 perte de vue et d\u00e9couvrez la belle vall\u00e9e de la Moselle sous un autre angle. Presque toutes les heures, les bateaux de Navitours font l&rsquo;aller-retour entre Remich et Schengen. Le voyage dure environ une bonne heure.<\/p>\n\n\n\n<p>T\u00e9l\u00e9chargez gratuitement l\u2019application \u00ab\u00a0Lauschtour\u201d et consultez l\u2019audiotour intitul\u00e9 \u00ab\u00a0Miseler Schiffstour\u00a0\u00bb qui vous raconte des faits et anecdotes int\u00e9ressants des deux rives.<\/p>\n<\/div><\/div>\n<\/div><\/div>\n\n<div class=\"wp-block-image\"><figure class=\"aligncenter size-large\"><img decoding=\"async\" width=\"300\" height=\"81\" data-src=\"https:\/\/itervitis.eu\/wp-content\/uploads\/2020\/06\/app-luxembourg.jpg\" alt=\"\" class=\"wp-image-1373 lazyload\" src=\"data:image\/svg+xml;base64,PHN2ZyB3aWR0aD0iMSIgaGVpZ2h0PSIxIiB4bWxucz0iaHR0cDovL3d3dy53My5vcmcvMjAwMC9zdmciPjwvc3ZnPg==\" style=\"--smush-placeholder-width: 300px; --smush-placeholder-aspect-ratio: 300\/81;\" \/><figcaption>T\u00e9l\u00e9chargez l&rsquo;application Lauschtour!<\/figcaption><\/figure><\/div>\n\n<div class=\"wp-block-genesis-blocks-gb-columns gb-layout-columns-1 one-column alignwide\"><div class=\"gb-layout-column-wrap gb-block-layout-column-gap-2 gb-is-responsive-column\">\n<div class=\"wp-block-genesis-blocks-gb-column gb-block-layout-column\"><div class=\"gb-block-layout-column-inner\">\n<p>\u00c0 <strong>Schengen<\/strong>, vous avez la possibilit\u00e9 de descendre du bateau et de profiter d&rsquo;une visite guid\u00e9e au <strong>Centre europ\u00e9en<\/strong>, o\u00f9 l&rsquo;on vous racontera tout sur les \u00e9v\u00e9nements historiques des Accords de Schengen.<\/p>\n\n\n\n<p>Ensuite, un petit <strong>tour \u00e0 v\u00e9lo<\/strong> (location de v\u00e9los RentaBike \u00e0 Schengen) de Schengen \u00e0 Remerschen est recommand\u00e9 pour visiter la <strong>fondation Valentiny<\/strong>. Il s&rsquo;agit d&rsquo;une exposition d&rsquo;environ 3260 dessins, croquis, sculptures et maquettes du c\u00e9l\u00e8bre architecte luxembourgeois Fran\u00e7cois Valentiny, dont certains ont \u00e9t\u00e9 r\u00e9alis\u00e9s en collaboration avec son partenaire viennois Hubert Hermann.<\/p>\n\n\n\n<p>Selon votre humeur, vous pouvez soit continuer \u00e0 v\u00e9lo jusqu&rsquo;\u00e0 Remich, soit faire une promenade et laisser votre v\u00e9lo \u00e0 l&rsquo;auberge de jeunesse de Remerschen, en face de la fondation.<\/p>\n\n\n\n<p>Retour \u00e0 votre h\u00f4tel.<\/p>\n<\/div><\/div>\n<\/div><\/div>\n<div style=\"color:#ddd\" class=\"wp-block-genesis-blocks-gb-spacer gb-block-spacer gb-divider-solid gb-divider-size-1\"><hr style=\"height:30px\"\/><\/div>\r\n\n<div class=\"wp-block-genesis-blocks-gb-columns gb-layout-columns-1 one-column alignwide\"><div class=\"gb-layout-column-wrap gb-block-layout-column-gap-2 gb-is-responsive-column\">\n<div class=\"wp-block-genesis-blocks-gb-column gb-block-layout-column\"><div class=\"gb-block-layout-column-inner\">\n<h5 class=\"wp-block-heading\">Jour 3<\/h5>\n\n\n\n<p>Petit d\u00e9jeuner \u00e0 l&rsquo;h\u00f4tel.<\/p>\n\n\n\n<p>D Aujourd&rsquo;hui, vous serez emmen\u00e9s dans le magnifique avant-pays de la r\u00e9gion, domin\u00e9 par des vergers et des champs. \u00c0 Mondorf-les-Bains, la seule ville thermale du pays, vous trouverez le <strong>Mus\u00e9e de l&rsquo;Aviation<\/strong> du Luxembourg, unique en son genre, dans le magnifique parc thermal de 45 hectares. Il abrite des pi\u00e8ces d&rsquo;avion, des mod\u00e8les et des accessoires datant de l&rsquo;\u00e9poque des pionniers de l&rsquo;aviation nationale. De plus, une exposition de 15 photographies class\u00e9es chronologiquement donne un aper\u00e7u de l&rsquo;histoire de l&rsquo;aviation au Luxembourg de 1910 \u00e0 nos jours.<\/p>\n<\/div><\/div>\n<\/div><\/div>\n\n<div class=\"wp-block-media-text alignwide is-stacked-on-mobile\"><figure class=\"wp-block-media-text__media\"><img decoding=\"async\" width=\"693\" height=\"461\" data-src=\"https:\/\/itervitis.eu\/wp-content\/uploads\/2020\/06\/dalheim.jpg\" alt=\"\" class=\"wp-image-1375 lazyload\" data-srcset=\"https:\/\/itervitis.eu\/wp-content\/uploads\/2020\/06\/dalheim.jpg 693w, https:\/\/itervitis.eu\/wp-content\/uploads\/2020\/06\/dalheim-300x200.jpg 300w, https:\/\/itervitis.eu\/wp-content\/uploads\/2020\/06\/dalheim-600x400.jpg 600w\" data-sizes=\"(max-width: 693px) 100vw, 693px\" src=\"data:image\/svg+xml;base64,PHN2ZyB3aWR0aD0iMSIgaGVpZ2h0PSIxIiB4bWxucz0iaHR0cDovL3d3dy53My5vcmcvMjAwMC9zdmciPjwvc3ZnPg==\" style=\"--smush-placeholder-width: 693px; --smush-placeholder-aspect-ratio: 693\/461;\" \/><\/figure><div class=\"wp-block-media-text__content\">\n<p><strong>Les Romains \u00e0 Dalheim<\/strong><\/p>\n\n\n\n<p>L\u2019application \u00ab\u00a0Lauschtour\u00a0\u00bb, que vous venez de t\u00e9l\u00e9charger auparavant, vous propose \u00e9galement un tour \u00e0 travers l\u2019ancienne ville (en latin vicus) Ricciacum, aujourd&rsquo;hui connue sous le nom de Dalheim, qui a \u00e9t\u00e9 fond\u00e9e sous l&#8217;empereur Auguste. Etape importante sur la Via Agrippa, la grande voie romaine de la M\u00e9diterran\u00e9e au Rein, l&rsquo;influence romaine et sa puissance \u00e9conomique, culturelle et religieuse de l&rsquo;\u00e9poque ont laiss\u00e9 ici de nombreuses traces. Les r\u00e9sultats peuvent encore \u00eatre admir\u00e9s aujourd&rsquo;hui dans tout le village: du th\u00e9\u00e2tre gallo-romain aux thermes et au quartier r\u00e9sidentiel, le vicus.<\/p>\n\n\n\n<p>Retour \u00e0 votre h\u00f4tel.<\/p>\n<\/div><\/div>\n<div style=\"color:#ddd\" class=\"wp-block-genesis-blocks-gb-spacer gb-block-spacer gb-divider-solid gb-divider-size-1\"><hr style=\"height:30px\"\/><\/div>\r\n\n<div class=\"wp-block-media-text alignwide is-stacked-on-mobile\"><figure class=\"wp-block-media-text__media\"><img decoding=\"async\" width=\"640\" height=\"426\" data-src=\"https:\/\/itervitis.eu\/wp-content\/uploads\/2020\/06\/last-hike-through-the-vineyards.jpg\" alt=\"\" class=\"wp-image-1377 lazyload\" data-srcset=\"https:\/\/itervitis.eu\/wp-content\/uploads\/2020\/06\/last-hike-through-the-vineyards.jpg 640w, https:\/\/itervitis.eu\/wp-content\/uploads\/2020\/06\/last-hike-through-the-vineyards-300x200.jpg 300w, https:\/\/itervitis.eu\/wp-content\/uploads\/2020\/06\/last-hike-through-the-vineyards-600x400.jpg 600w\" data-sizes=\"(max-width: 640px) 100vw, 640px\" src=\"data:image\/svg+xml;base64,PHN2ZyB3aWR0aD0iMSIgaGVpZ2h0PSIxIiB4bWxucz0iaHR0cDovL3d3dy53My5vcmcvMjAwMC9zdmciPjwvc3ZnPg==\" style=\"--smush-placeholder-width: 640px; --smush-placeholder-aspect-ratio: 640\/426;\" \/><\/figure><div class=\"wp-block-media-text__content\">\n<h5 class=\"wp-block-heading\">Jour 4<\/h5>\n\n\n\n<p><em>Derni\u00e8re promenade dans les vignes<\/em><\/p>\n\n\n\n<p>Petit d\u00e9jeuner \u00e0 l&rsquo;h\u00f4tel.<\/p>\n\n\n\n<p>Votre s\u00e9jour \u00e0 la Moselle touche malheureusement \u00e0 sa fin, mais une courte promenade jusqu&rsquo;\u00e0 la statue sacr\u00e9e du Saint Donat, qui prot\u00e8ge les vins de la temp\u00eate et de la gr\u00eale sur les hauteurs de Wintrange, devrait certainement encore y \u00eatre. Vous n&rsquo;oublierez pas cette vue magnifique sur la vall\u00e9e de la Moselle!<\/p>\n\n\n\n<p>Check-out et souvenirs.<\/p>\n\n\n\n<p>Vous n&rsquo;avez pas encore de souvenirs ? Jetez un coup d&rsquo;\u0153il dans l&rsquo;un des trois magasins r\u00e9gionaux de Schengen, Remich ou Grevenmacher, o\u00f9 vous trouverez de nombreux produits locaux \u00e0 d\u00e9guster et \u00e0 emporter chez vous.<\/p>\n<\/div><\/div>\n<div style=\"color:#ddd\" class=\"wp-block-genesis-blocks-gb-spacer gb-block-spacer gb-divider-solid gb-divider-size-1\"><hr style=\"height:30px\"\/><\/div>\r\n\n<div class=\"wp-block-media-text alignwide is-stacked-on-mobile\"><figure class=\"wp-block-media-text__media\"><img decoding=\"async\" data-src=\"https:\/\/itervitis.eu\/wp-content\/uploads\/2020\/06\/visit-moselle-logo.svg\" alt=\"\" class=\"wp-image-1381 lazyload\" src=\"data:image\/svg+xml;base64,PHN2ZyB3aWR0aD0iMSIgaGVpZ2h0PSIxIiB4bWxucz0iaHR0cDovL3d3dy53My5vcmcvMjAwMC9zdmciPjwvc3ZnPg==\" \/><\/figure><div class=\"wp-block-media-text__content\">\n<h5 class=\"wp-block-heading\">Information<\/h5>\n\n\n\n<p>SANDRA GALES<br\/>Office R\u00e9gional du Tourisme R\u00e9gion Moselle Luxembourgeoise<\/p>\n\n\n\n<p>52 Route du Vin<br\/>L-5405 Bech-Kleinmacher<\/p>\n\n\n\n<p>t\u00e9l: <a href=\"tel:03522674787423\">+ (352) 26 74 78 74 23<\/a><br\/>email: <a href=\"mailto:info@visitmoselle.lu\">info@visitmoselle.lu<\/a><br\/>site: <a rel=\"noreferrer noopener\" href=\"https:\/\/www.visitmoselle.lu\/fr\" target=\"_blank\">www.visitmoselle.lu<\/a><\/p>\n<\/div><\/div>\n\n<p><\/p>\n","protected":false},"excerpt":{"rendered":"<p>Jour 1 Arriv\u00e9e \u00e0 l&rsquo;h\u00f4tel de votre choix (+ &#8211; 14h00). &#13; Aujourd\u2019hui, vous vous dirigez dans la m\u00e9tropole de la Moselle, \u00e0 Grevenmacher. Nous vous proposons d\u2019y visiter le Kulturhuef, le Mus\u00e9e luxembourgeois de l\u2019imprimerie et de la carte \u00e0 jouer. Il montre deux expositions permanentes: l\u2019exposition sur les cartes \u00e0 jouer qui retrace [&hellip;]<\/p>\n","protected":false},"author":4,"featured_media":1369,"comment_status":"closed","ping_status":"closed","sticky":false,"template":"","format":"standard","meta":{"inline_featured_image":false,"_genesis_hide_title":false,"_genesis_hide_breadcrumbs":false,"_genesis_hide_singular_image":false,"_genesis_hide_footer_widgets":false,"_genesis_custom_body_class":"","_genesis_custom_post_class":"","_genesis_layout":"","footnotes":""},"categories":[17,58,4],"tags":[],"class_list":{"0":"post-1387","1":"post","2":"type-post","3":"status-publish","4":"format-standard","5":"has-post-thumbnail","7":"category-experiences-fr","8":"category-luxembourg-fr","9":"category-non-classifiee","10":"entry"},"yoast_head":"<!-- This site is optimized with the Yoast SEO plugin v27.4 - https:\/\/yoast.com\/product\/yoast-seo-wordpress\/ -->\n<title>D\u00e9couvrez le patrimoine culturel - Itervitis<\/title>\n<meta name=\"robots\" content=\"index, follow, max-snippet:-1, max-image-preview:large, max-video-preview:-1\" \/>\n<link rel=\"canonical\" href=\"https:\/\/itervitis.eu\/fr\/decouvrez-le-patrimoine-culturel\/\" \/>\n<meta property=\"og:locale\" content=\"fr_FR\" \/>\n<meta property=\"og:type\" content=\"article\" \/>\n<meta property=\"og:title\" content=\"D\u00e9couvrez le patrimoine culturel - Itervitis\" \/>\n<meta property=\"og:description\" content=\"Jour 1 Arriv\u00e9e \u00e0 l&rsquo;h\u00f4tel de votre choix (+ &#8211; 14h00). &#013; Aujourd\u2019hui, vous vous dirigez dans la m\u00e9tropole de la Moselle, \u00e0 Grevenmacher. Nous vous proposons d\u2019y visiter le Kulturhuef, le Mus\u00e9e luxembourgeois de l\u2019imprimerie et de la carte \u00e0 jouer. Il montre deux expositions permanentes: l\u2019exposition sur les cartes \u00e0 jouer qui retrace [&hellip;]\" \/>\n<meta property=\"og:url\" content=\"https:\/\/itervitis.eu\/fr\/decouvrez-le-patrimoine-culturel\/\" \/>\n<meta property=\"og:site_name\" content=\"Itervitis\" \/>\n<meta property=\"article:published_time\" content=\"2020-06-07T17:50:44+00:00\" \/>\n<meta property=\"article:modified_time\" content=\"2025-09-25T11:50:35+00:00\" \/>\n<meta property=\"og:image\" content=\"https:\/\/itervitis.eu\/wp-content\/uploads\/2020\/06\/bacchusfest-luxembourg.jpg\" \/>\n\t<meta property=\"og:image:width\" content=\"1623\" \/>\n\t<meta property=\"og:image:height\" content=\"1080\" \/>\n\t<meta property=\"og:image:type\" content=\"image\/jpeg\" \/>\n<meta name=\"author\" content=\"itervitis\" \/>\n<meta name=\"twitter:card\" content=\"summary_large_image\" \/>\n<meta name=\"twitter:label1\" content=\"\u00c9crit par\" \/>\n\t<meta name=\"twitter:data1\" content=\"itervitis\" \/>\n\t<meta name=\"twitter:label2\" content=\"Dur\u00e9e de lecture estim\u00e9e\" \/>\n\t<meta name=\"twitter:data2\" content=\"5 minutes\" \/>\n<script type=\"application\/ld+json\" class=\"yoast-schema-graph\">{\"@context\":\"https:\\\/\\\/schema.org\",\"@graph\":[{\"@type\":\"Article\",\"@id\":\"https:\\\/\\\/itervitis.eu\\\/fr\\\/decouvrez-le-patrimoine-culturel\\\/#article\",\"isPartOf\":{\"@id\":\"https:\\\/\\\/itervitis.eu\\\/fr\\\/decouvrez-le-patrimoine-culturel\\\/\"},\"author\":{\"name\":\"itervitis\",\"@id\":\"https:\\\/\\\/itervitis.eu\\\/fr\\\/#\\\/schema\\\/person\\\/c7a010f3c621f61f459f64993e620bc9\"},\"headline\":\"D\u00e9couvrez le patrimoine culturel\",\"datePublished\":\"2020-06-07T17:50:44+00:00\",\"dateModified\":\"2025-09-25T11:50:35+00:00\",\"mainEntityOfPage\":{\"@id\":\"https:\\\/\\\/itervitis.eu\\\/fr\\\/decouvrez-le-patrimoine-culturel\\\/\"},\"wordCount\":822,\"publisher\":{\"@id\":\"https:\\\/\\\/itervitis.eu\\\/fr\\\/#organization\"},\"image\":{\"@id\":\"https:\\\/\\\/itervitis.eu\\\/fr\\\/decouvrez-le-patrimoine-culturel\\\/#primaryimage\"},\"thumbnailUrl\":\"https:\\\/\\\/itervitis.eu\\\/wp-content\\\/uploads\\\/2020\\\/06\\\/bacchusfest-luxembourg.jpg\",\"articleSection\":[\"Exp\u00e9riences\",\"Luxembourg\",\"Nouvelles et Ev\u00e8nements\"],\"inLanguage\":\"fr-FR\"},{\"@type\":\"WebPage\",\"@id\":\"https:\\\/\\\/itervitis.eu\\\/fr\\\/decouvrez-le-patrimoine-culturel\\\/\",\"url\":\"https:\\\/\\\/itervitis.eu\\\/fr\\\/decouvrez-le-patrimoine-culturel\\\/\",\"name\":\"D\u00e9couvrez le patrimoine culturel - Itervitis\",\"isPartOf\":{\"@id\":\"https:\\\/\\\/itervitis.eu\\\/fr\\\/#website\"},\"primaryImageOfPage\":{\"@id\":\"https:\\\/\\\/itervitis.eu\\\/fr\\\/decouvrez-le-patrimoine-culturel\\\/#primaryimage\"},\"image\":{\"@id\":\"https:\\\/\\\/itervitis.eu\\\/fr\\\/decouvrez-le-patrimoine-culturel\\\/#primaryimage\"},\"thumbnailUrl\":\"https:\\\/\\\/itervitis.eu\\\/wp-content\\\/uploads\\\/2020\\\/06\\\/bacchusfest-luxembourg.jpg\",\"datePublished\":\"2020-06-07T17:50:44+00:00\",\"dateModified\":\"2025-09-25T11:50:35+00:00\",\"breadcrumb\":{\"@id\":\"https:\\\/\\\/itervitis.eu\\\/fr\\\/decouvrez-le-patrimoine-culturel\\\/#breadcrumb\"},\"inLanguage\":\"fr-FR\",\"potentialAction\":[{\"@type\":\"ReadAction\",\"target\":[\"https:\\\/\\\/itervitis.eu\\\/fr\\\/decouvrez-le-patrimoine-culturel\\\/\"]}]},{\"@type\":\"ImageObject\",\"inLanguage\":\"fr-FR\",\"@id\":\"https:\\\/\\\/itervitis.eu\\\/fr\\\/decouvrez-le-patrimoine-culturel\\\/#primaryimage\",\"url\":\"https:\\\/\\\/itervitis.eu\\\/wp-content\\\/uploads\\\/2020\\\/06\\\/bacchusfest-luxembourg.jpg\",\"contentUrl\":\"https:\\\/\\\/itervitis.eu\\\/wp-content\\\/uploads\\\/2020\\\/06\\\/bacchusfest-luxembourg.jpg\",\"width\":1623,\"height\":1080},{\"@type\":\"BreadcrumbList\",\"@id\":\"https:\\\/\\\/itervitis.eu\\\/fr\\\/decouvrez-le-patrimoine-culturel\\\/#breadcrumb\",\"itemListElement\":[{\"@type\":\"ListItem\",\"position\":1,\"name\":\"Home\",\"item\":\"https:\\\/\\\/itervitis.eu\\\/fr\\\/\"},{\"@type\":\"ListItem\",\"position\":2,\"name\":\"Exp\u00e9riences\",\"item\":\"https:\\\/\\\/itervitis.eu\\\/fr\\\/experiences-fr\\\/\"},{\"@type\":\"ListItem\",\"position\":3,\"name\":\"D\u00e9couvrez le patrimoine culturel\"}]},{\"@type\":\"WebSite\",\"@id\":\"https:\\\/\\\/itervitis.eu\\\/fr\\\/#website\",\"url\":\"https:\\\/\\\/itervitis.eu\\\/fr\\\/\",\"name\":\"Itervitis\",\"description\":\"Les Chemins de la Vigne\",\"publisher\":{\"@id\":\"https:\\\/\\\/itervitis.eu\\\/fr\\\/#organization\"},\"potentialAction\":[{\"@type\":\"SearchAction\",\"target\":{\"@type\":\"EntryPoint\",\"urlTemplate\":\"https:\\\/\\\/itervitis.eu\\\/fr\\\/?s={search_term_string}\"},\"query-input\":{\"@type\":\"PropertyValueSpecification\",\"valueRequired\":true,\"valueName\":\"search_term_string\"}}],\"inLanguage\":\"fr-FR\"},{\"@type\":\"Organization\",\"@id\":\"https:\\\/\\\/itervitis.eu\\\/fr\\\/#organization\",\"name\":\"Itervitis\",\"url\":\"https:\\\/\\\/itervitis.eu\\\/fr\\\/\",\"logo\":{\"@type\":\"ImageObject\",\"inLanguage\":\"fr-FR\",\"@id\":\"https:\\\/\\\/itervitis.eu\\\/fr\\\/#\\\/schema\\\/logo\\\/image\\\/\",\"url\":\"https:\\\/\\\/itervitis.eu\\\/wp-content\\\/uploads\\\/2020\\\/02\\\/itervitis-logo.png\",\"contentUrl\":\"https:\\\/\\\/itervitis.eu\\\/wp-content\\\/uploads\\\/2020\\\/02\\\/itervitis-logo.png\",\"width\":980,\"height\":1110,\"caption\":\"Itervitis\"},\"image\":{\"@id\":\"https:\\\/\\\/itervitis.eu\\\/fr\\\/#\\\/schema\\\/logo\\\/image\\\/\"}},{\"@type\":\"Person\",\"@id\":\"https:\\\/\\\/itervitis.eu\\\/fr\\\/#\\\/schema\\\/person\\\/c7a010f3c621f61f459f64993e620bc9\",\"name\":\"itervitis\",\"image\":{\"@type\":\"ImageObject\",\"inLanguage\":\"fr-FR\",\"@id\":\"https:\\\/\\\/secure.gravatar.com\\\/avatar\\\/a3ca059548aee0f44ccdd6c4fbde691ba589eab066a44d6c9ab006ebc8f40393?s=96&d=mm&r=g\",\"url\":\"https:\\\/\\\/secure.gravatar.com\\\/avatar\\\/a3ca059548aee0f44ccdd6c4fbde691ba589eab066a44d6c9ab006ebc8f40393?s=96&d=mm&r=g\",\"contentUrl\":\"https:\\\/\\\/secure.gravatar.com\\\/avatar\\\/a3ca059548aee0f44ccdd6c4fbde691ba589eab066a44d6c9ab006ebc8f40393?s=96&d=mm&r=g\",\"caption\":\"itervitis\"}}]}<\/script>\n<!-- \/ Yoast SEO plugin. -->","yoast_head_json":{"title":"D\u00e9couvrez le patrimoine culturel - Itervitis","robots":{"index":"index","follow":"follow","max-snippet":"max-snippet:-1","max-image-preview":"max-image-preview:large","max-video-preview":"max-video-preview:-1"},"canonical":"https:\/\/itervitis.eu\/fr\/decouvrez-le-patrimoine-culturel\/","og_locale":"fr_FR","og_type":"article","og_title":"D\u00e9couvrez le patrimoine culturel - Itervitis","og_description":"Jour 1 Arriv\u00e9e \u00e0 l&rsquo;h\u00f4tel de votre choix (+ &#8211; 14h00). &#13; Aujourd\u2019hui, vous vous dirigez dans la m\u00e9tropole de la Moselle, \u00e0 Grevenmacher. Nous vous proposons d\u2019y visiter le Kulturhuef, le Mus\u00e9e luxembourgeois de l\u2019imprimerie et de la carte \u00e0 jouer. Il montre deux expositions permanentes: l\u2019exposition sur les cartes \u00e0 jouer qui retrace [&hellip;]","og_url":"https:\/\/itervitis.eu\/fr\/decouvrez-le-patrimoine-culturel\/","og_site_name":"Itervitis","article_published_time":"2020-06-07T17:50:44+00:00","article_modified_time":"2025-09-25T11:50:35+00:00","og_image":[{"width":1623,"height":1080,"url":"https:\/\/itervitis.eu\/wp-content\/uploads\/2020\/06\/bacchusfest-luxembourg.jpg","type":"image\/jpeg"}],"author":"itervitis","twitter_card":"summary_large_image","twitter_misc":{"\u00c9crit par":"itervitis","Dur\u00e9e de lecture estim\u00e9e":"5 minutes"},"schema":{"@context":"https:\/\/schema.org","@graph":[{"@type":"Article","@id":"https:\/\/itervitis.eu\/fr\/decouvrez-le-patrimoine-culturel\/#article","isPartOf":{"@id":"https:\/\/itervitis.eu\/fr\/decouvrez-le-patrimoine-culturel\/"},"author":{"name":"itervitis","@id":"https:\/\/itervitis.eu\/fr\/#\/schema\/person\/c7a010f3c621f61f459f64993e620bc9"},"headline":"D\u00e9couvrez le patrimoine culturel","datePublished":"2020-06-07T17:50:44+00:00","dateModified":"2025-09-25T11:50:35+00:00","mainEntityOfPage":{"@id":"https:\/\/itervitis.eu\/fr\/decouvrez-le-patrimoine-culturel\/"},"wordCount":822,"publisher":{"@id":"https:\/\/itervitis.eu\/fr\/#organization"},"image":{"@id":"https:\/\/itervitis.eu\/fr\/decouvrez-le-patrimoine-culturel\/#primaryimage"},"thumbnailUrl":"https:\/\/itervitis.eu\/wp-content\/uploads\/2020\/06\/bacchusfest-luxembourg.jpg","articleSection":["Exp\u00e9riences","Luxembourg","Nouvelles et Ev\u00e8nements"],"inLanguage":"fr-FR"},{"@type":"WebPage","@id":"https:\/\/itervitis.eu\/fr\/decouvrez-le-patrimoine-culturel\/","url":"https:\/\/itervitis.eu\/fr\/decouvrez-le-patrimoine-culturel\/","name":"D\u00e9couvrez le patrimoine culturel - Itervitis","isPartOf":{"@id":"https:\/\/itervitis.eu\/fr\/#website"},"primaryImageOfPage":{"@id":"https:\/\/itervitis.eu\/fr\/decouvrez-le-patrimoine-culturel\/#primaryimage"},"image":{"@id":"https:\/\/itervitis.eu\/fr\/decouvrez-le-patrimoine-culturel\/#primaryimage"},"thumbnailUrl":"https:\/\/itervitis.eu\/wp-content\/uploads\/2020\/06\/bacchusfest-luxembourg.jpg","datePublished":"2020-06-07T17:50:44+00:00","dateModified":"2025-09-25T11:50:35+00:00","breadcrumb":{"@id":"https:\/\/itervitis.eu\/fr\/decouvrez-le-patrimoine-culturel\/#breadcrumb"},"inLanguage":"fr-FR","potentialAction":[{"@type":"ReadAction","target":["https:\/\/itervitis.eu\/fr\/decouvrez-le-patrimoine-culturel\/"]}]},{"@type":"ImageObject","inLanguage":"fr-FR","@id":"https:\/\/itervitis.eu\/fr\/decouvrez-le-patrimoine-culturel\/#primaryimage","url":"https:\/\/itervitis.eu\/wp-content\/uploads\/2020\/06\/bacchusfest-luxembourg.jpg","contentUrl":"https:\/\/itervitis.eu\/wp-content\/uploads\/2020\/06\/bacchusfest-luxembourg.jpg","width":1623,"height":1080},{"@type":"BreadcrumbList","@id":"https:\/\/itervitis.eu\/fr\/decouvrez-le-patrimoine-culturel\/#breadcrumb","itemListElement":[{"@type":"ListItem","position":1,"name":"Home","item":"https:\/\/itervitis.eu\/fr\/"},{"@type":"ListItem","position":2,"name":"Exp\u00e9riences","item":"https:\/\/itervitis.eu\/fr\/experiences-fr\/"},{"@type":"ListItem","position":3,"name":"D\u00e9couvrez le patrimoine culturel"}]},{"@type":"WebSite","@id":"https:\/\/itervitis.eu\/fr\/#website","url":"https:\/\/itervitis.eu\/fr\/","name":"Itervitis","description":"Les Chemins de la Vigne","publisher":{"@id":"https:\/\/itervitis.eu\/fr\/#organization"},"potentialAction":[{"@type":"SearchAction","target":{"@type":"EntryPoint","urlTemplate":"https:\/\/itervitis.eu\/fr\/?s={search_term_string}"},"query-input":{"@type":"PropertyValueSpecification","valueRequired":true,"valueName":"search_term_string"}}],"inLanguage":"fr-FR"},{"@type":"Organization","@id":"https:\/\/itervitis.eu\/fr\/#organization","name":"Itervitis","url":"https:\/\/itervitis.eu\/fr\/","logo":{"@type":"ImageObject","inLanguage":"fr-FR","@id":"https:\/\/itervitis.eu\/fr\/#\/schema\/logo\/image\/","url":"https:\/\/itervitis.eu\/wp-content\/uploads\/2020\/02\/itervitis-logo.png","contentUrl":"https:\/\/itervitis.eu\/wp-content\/uploads\/2020\/02\/itervitis-logo.png","width":980,"height":1110,"caption":"Itervitis"},"image":{"@id":"https:\/\/itervitis.eu\/fr\/#\/schema\/logo\/image\/"}},{"@type":"Person","@id":"https:\/\/itervitis.eu\/fr\/#\/schema\/person\/c7a010f3c621f61f459f64993e620bc9","name":"itervitis","image":{"@type":"ImageObject","inLanguage":"fr-FR","@id":"https:\/\/secure.gravatar.com\/avatar\/a3ca059548aee0f44ccdd6c4fbde691ba589eab066a44d6c9ab006ebc8f40393?s=96&d=mm&r=g","url":"https:\/\/secure.gravatar.com\/avatar\/a3ca059548aee0f44ccdd6c4fbde691ba589eab066a44d6c9ab006ebc8f40393?s=96&d=mm&r=g","contentUrl":"https:\/\/secure.gravatar.com\/avatar\/a3ca059548aee0f44ccdd6c4fbde691ba589eab066a44d6c9ab006ebc8f40393?s=96&d=mm&r=g","caption":"itervitis"}}]}},"featured_image_src":"https:\/\/itervitis.eu\/wp-content\/uploads\/2020\/06\/bacchusfest-luxembourg.jpg","featured_image_src_square":"https:\/\/itervitis.eu\/wp-content\/uploads\/2020\/06\/bacchusfest-luxembourg.jpg","author_info":{"display_name":"itervitis","author_link":"https:\/\/itervitis.eu\/fr\/author\/admin-2\/"},"_links":{"self":[{"href":"https:\/\/itervitis.eu\/fr\/wp-json\/wp\/v2\/posts\/1387","targetHints":{"allow":["GET"]}}],"collection":[{"href":"https:\/\/itervitis.eu\/fr\/wp-json\/wp\/v2\/posts"}],"about":[{"href":"https:\/\/itervitis.eu\/fr\/wp-json\/wp\/v2\/types\/post"}],"author":[{"embeddable":true,"href":"https:\/\/itervitis.eu\/fr\/wp-json\/wp\/v2\/users\/4"}],"replies":[{"embeddable":true,"href":"https:\/\/itervitis.eu\/fr\/wp-json\/wp\/v2\/comments?post=1387"}],"version-history":[{"count":5,"href":"https:\/\/itervitis.eu\/fr\/wp-json\/wp\/v2\/posts\/1387\/revisions"}],"predecessor-version":[{"id":2810,"href":"https:\/\/itervitis.eu\/fr\/wp-json\/wp\/v2\/posts\/1387\/revisions\/2810"}],"wp:featuredmedia":[{"embeddable":true,"href":"https:\/\/itervitis.eu\/fr\/wp-json\/wp\/v2\/media\/1369"}],"wp:attachment":[{"href":"https:\/\/itervitis.eu\/fr\/wp-json\/wp\/v2\/media?parent=1387"}],"wp:term":[{"taxonomy":"category","embeddable":true,"href":"https:\/\/itervitis.eu\/fr\/wp-json\/wp\/v2\/categories?post=1387"},{"taxonomy":"post_tag","embeddable":true,"href":"https:\/\/itervitis.eu\/fr\/wp-json\/wp\/v2\/tags?post=1387"}],"curies":[{"name":"wp","href":"https:\/\/api.w.org\/{rel}","templated":true}]}}